{"id":1729,"date":"2024-10-01T12:58:15","date_gmt":"2024-10-01T10:58:15","guid":{"rendered":"https:\/\/n.zegluga.edu.pl\/?p=1729"},"modified":"2024-10-01T13:05:44","modified_gmt":"2024-10-01T11:05:44","slug":"marszalkowskie-stypendia-dla-uczniow-szkol-srednich-nabor-przedluzony","status":"publish","type":"post","link":"https:\/\/n.zegluga.edu.pl\/?p=1729","title":{"rendered":"<strong>Marsza\u0142kowskie stypendia dla uczni\u00f3w szk\u00f3\u0142 \u015brednich \u2013 nab\u00f3r przed\u0142u\u017cony!!!<\/strong>"},"content":{"rendered":"<div class=\"wp-block-image\">\n<figure class=\"aligncenter size-full\"><img fetchpriority=\"high\" decoding=\"async\" width=\"750\" height=\"426\" src=\"https:\/\/n.zegluga.edu.pl\/wp-content\/uploads\/2024\/10\/image.png\" alt=\"\" class=\"wp-image-1731\" srcset=\"https:\/\/n.zegluga.edu.pl\/wp-content\/uploads\/2024\/10\/image.png 750w, https:\/\/n.zegluga.edu.pl\/wp-content\/uploads\/2024\/10\/image-300x170.png 300w\" sizes=\"(max-width: 706px) 89vw, (max-width: 767px) 82vw, 740px\" \/><\/figure><\/div>\n\n\n<p><strong>Nab\u00f3r na stypendia zosta\u0142 przed\u0142u\u017cony, ale w trudnej sytuacji powodziowej, kt\u00f3ra dotkn\u0119\u0142a wiele naszych gmin, rozszerzy\u0142y si\u0119 te\u017c mo\u017cliwo\u015bci starania o to stypendium. To m.in. oferta dla uczni\u00f3w z gmin dotkni\u0119tych powodzi\u0105!<\/strong><\/p>\n\n\n\n<p>Decyzj\u0105 marsza\u0142ka i zarz\u0105du wojew\u00f3dztwa trwaj\u0105cy w\u0142a\u015bnie nab\u00f3r wniosk\u00f3w o przyznanie stypendi\u00f3w w ramach dw\u00f3ch projekt\u00f3w stypendialnych, kt\u00f3re skierowane s\u0105 do uczni\u00f3w szk\u00f3\u0142 ponadpodstawowych, zosta\u0142 przed\u0142u\u017cony&nbsp;<strong>do 7 pa\u017adziernika<\/strong>. Chodzi o stypendia dla uczni\u00f3w lice\u00f3w og\u00f3lnokszta\u0142c\u0105cych, technik\u00f3w, lice\u00f3w sztuk plastycznych, bran\u017cowych szk\u00f3\u0142 I stopnia oraz bran\u017cowych szk\u00f3\u0142 II stopnia.<\/p>\n\n\n\n<p>O stypendium mog\u0105 ubiega\u0107 si\u0119 uczennice i uczniowie, kt\u00f3rzy osi\u0105gaj\u0105 wysokie wyniki w nauce oraz maj\u0105 specjalne potrzeby edukacyjne \u2013 tj. m.in. s\u0105 w sytuacji kryzysowej b\u0105d\u017a prze\u017cywaj\u0105 traum\u0119, np. zwi\u0105zan\u0105 z powodzi\u0105.<\/p>\n\n\n\n<p>Ale uwaga! W obecnej sytuacji wsparcie mog\u0105 otrzyma\u0107 spe\u0142niaj\u0105cy pozosta\u0142e kryteria uczniowie z powiat\u00f3w:&nbsp;<strong>nyskiego, prudnickiego, g\u0142ubczyckiego, brzeskiego, krapkowickiego, k\u0119dzierzy\u0144sko &#8211; kozielskiego oraz opolskiego,<\/strong>&nbsp;tj.&nbsp; z teren\u00f3w kt\u00f3re zosta\u0142y najbardziej dotkni\u0119te niedawnym nieszcz\u0119\u015bciem, teren\u00f3w, w kt\u00f3rych wprowadzono stan kl\u0119ski \u017cywio\u0142owej.<\/p>\n\n\n\n<p>Zach\u0119camy uczennice i uczni\u00f3w z ca\u0142ego regionu do sk\u0142adania wniosk\u00f3w. W przypadku pyta\u0144 i w\u0105tpliwo\u015bci zapraszamy do kontaktu z Departamentem Edukacji i Rynku Pracy Urz\u0119du Marsza\u0142kowskiego Wojew\u00f3dztwa Opolskiego pod nr tel. 77 44 45&nbsp;545 lub 544.<\/p>\n\n\n\n<p>Pe\u0142nie informacje o stypendiach znajduj\u0105 si\u0119 na stronie opolskie.pl w zak\u0142adkach:<\/p>\n\n\n\n<p><a href=\"https:\/\/www.opolskie.pl\/2024\/09\/stypendia-dla-uczniow-szkol-i-placowek-ksztalcenia-ogolnego-wojewodztwa-opolskiego\/\">https:\/\/www.opolskie.pl\/2024\/09\/stypendia-dla-uczniow-szkol-i-placowek-ksztalcenia-ogolnego-wojewodztwa-opolskiego\/<\/a><\/p>\n\n\n\n<p><a href=\"https:\/\/www.opolskie.pl\/2024\/09\/rusza-nabor-w-programie-stypendialnym-dla-uczniow-szkol-i-placowek-ksztalcenia-zawodowego-i-artystycznego\/\">https:\/\/www.opolskie.pl\/2024\/09\/rusza-nabor-w-programie-stypendialnym-dla-uczniow-szkol-i-placowek-ksztalcenia-zawodowego-i-artystycznego\/<\/a><\/p>\n\n\n\n<p>Wr\u0119czenie stypendi\u00f3w na ten rok szkolny odb\u0119dzie si\u0119 pod koniec tego roku!<\/p>\n\n\n\n<p>Zaproszenie marsza\u0142ek Zuzanny Donath-Kasiury do sk\u0142adania stypendi\u00f3w tutaj:&nbsp;<a rel=\"noreferrer noopener\" target=\"_blank\" href=\"https:\/\/www.facebook.com\/opolskie\/videos\/830880069211194\">https:\/\/www.facebook.com\/opolskie\/videos\/830880069211194<\/a><\/p>\n\n\n\n<p><strong>Marsza\u0142kowskie stypendia dla uczni\u00f3w szk\u00f3\u0142 \u015brednich \u2013 nab\u00f3r przed\u0142u\u017cony!!!<\/strong><\/p>\n\n\n\n<p><strong>Nab\u00f3r na stypendia zosta\u0142 przed\u0142u\u017cony, ale w trudnej sytuacji powodziowej, kt\u00f3ra dotkn\u0119\u0142a wiele naszych gmin, rozszerzy\u0142y si\u0119 te\u017c mo\u017cliwo\u015bci starania o to stypendium. To m.in. oferta dla uczni\u00f3w z gmin dotkni\u0119tych powodzi\u0105!<\/strong><\/p>\n\n\n\n<p>Decyzj\u0105 marsza\u0142ka i zarz\u0105du wojew\u00f3dztwa trwaj\u0105cy w\u0142a\u015bnie nab\u00f3r wniosk\u00f3w o przyznanie stypendi\u00f3w w ramach dw\u00f3ch projekt\u00f3w stypendialnych, kt\u00f3re skierowane s\u0105 do uczni\u00f3w szk\u00f3\u0142 ponadpodstawowych, zosta\u0142 przed\u0142u\u017cony&nbsp;<strong>do 7 pa\u017adziernika<\/strong>. Chodzi o stypendia dla uczni\u00f3w lice\u00f3w og\u00f3lnokszta\u0142c\u0105cych, technik\u00f3w, lice\u00f3w sztuk plastycznych, bran\u017cowych szk\u00f3\u0142 I stopnia oraz bran\u017cowych szk\u00f3\u0142 II stopnia.<\/p>\n\n\n\n<p>O stypendium mog\u0105 ubiega\u0107 si\u0119 uczennice i uczniowie, kt\u00f3rzy osi\u0105gaj\u0105 wysokie wyniki w nauce oraz maj\u0105 specjalne potrzeby edukacyjne \u2013 tj. m.in. s\u0105 w sytuacji kryzysowej b\u0105d\u017a prze\u017cywaj\u0105 traum\u0119, np. zwi\u0105zan\u0105 z powodzi\u0105.<\/p>\n\n\n\n<p>Ale uwaga! W obecnej sytuacji wsparcie mog\u0105 otrzyma\u0107 spe\u0142niaj\u0105cy pozosta\u0142e kryteria uczniowie z powiat\u00f3w:&nbsp;<strong>nyskiego, prudnickiego, g\u0142ubczyckiego, brzeskiego, krapkowickiego, k\u0119dzierzy\u0144sko &#8211; kozielskiego oraz opolskiego,<\/strong>&nbsp;tj.&nbsp; z teren\u00f3w kt\u00f3re zosta\u0142y najbardziej dotkni\u0119te niedawnym nieszcz\u0119\u015bciem, teren\u00f3w, w kt\u00f3rych wprowadzono stan kl\u0119ski \u017cywio\u0142owej.<\/p>\n\n\n\n<p>Zach\u0119camy uczennice i uczni\u00f3w z ca\u0142ego regionu do sk\u0142adania wniosk\u00f3w. W przypadku pyta\u0144 i w\u0105tpliwo\u015bci zapraszamy do kontaktu z Departamentem Edukacji i Rynku Pracy Urz\u0119du Marsza\u0142kowskiego Wojew\u00f3dztwa Opolskiego pod nr tel. 77 44 45&nbsp;545 lub 544.<\/p>\n\n\n\n<p>Pe\u0142nie informacje o stypendiach znajduj\u0105 si\u0119 na stronie opolskie.pl w zak\u0142adkach:<\/p>\n\n\n\n<p><a href=\"https:\/\/www.opolskie.pl\/2024\/09\/stypendia-dla-uczniow-szkol-i-placowek-ksztalcenia-ogolnego-wojewodztwa-opolskiego\/\">https:\/\/www.opolskie.pl\/2024\/09\/stypendia-dla-uczniow-szkol-i-placowek-ksztalcenia-ogolnego-wojewodztwa-opolskiego\/<\/a><\/p>\n\n\n\n<p><a href=\"https:\/\/www.opolskie.pl\/2024\/09\/rusza-nabor-w-programie-stypendialnym-dla-uczniow-szkol-i-placowek-ksztalcenia-zawodowego-i-artystycznego\/\">https:\/\/www.opolskie.pl\/2024\/09\/rusza-nabor-w-programie-stypendialnym-dla-uczniow-szkol-i-placowek-ksztalcenia-zawodowego-i-artystycznego\/<\/a><\/p>\n\n\n\n<p>Wr\u0119czenie stypendi\u00f3w na ten rok szkolny odb\u0119dzie si\u0119 pod koniec tego roku!<\/p>\n\n\n\n<p>Zaproszenie marsza\u0142ek Zuzanny Donath-Kasiury do sk\u0142adania stypendi\u00f3w tutaj:&nbsp;<a rel=\"noreferrer noopener\" target=\"_blank\" href=\"https:\/\/www.facebook.com\/opolskie\/videos\/830880069211194\">https:\/\/www.facebook.com\/opolskie\/videos\/830880069211194<\/a><\/p>\n","protected":false},"excerpt":{"rendered":"<p>Nab\u00f3r na stypendia zosta\u0142 przed\u0142u\u017cony, ale w trudnej sytuacji powodziowej, kt\u00f3ra dotkn\u0119\u0142a wiele naszych gmin, rozszerzy\u0142y si\u0119 te\u017c mo\u017cliwo\u015bci starania o to stypendium. To m.in. oferta dla uczni\u00f3w z gmin dotkni\u0119tych powodzi\u0105! Decyzj\u0105 marsza\u0142ka i zarz\u0105du wojew\u00f3dztwa trwaj\u0105cy w\u0142a\u015bnie nab\u00f3r wniosk\u00f3w o przyznanie stypendi\u00f3w w ramach dw\u00f3ch projekt\u00f3w stypendialnych, kt\u00f3re skierowane s\u0105 do uczni\u00f3w szk\u00f3\u0142 &hellip; <\/p>\n<p class=\"link-more\"><a href=\"https:\/\/n.zegluga.edu.pl\/?p=1729\" class=\"more-link\">Czytaj dalej<span class=\"screen-reader-text\"> \u201e<strong>Marsza\u0142kowskie stypendia dla uczni\u00f3w szk\u00f3\u0142 \u015brednich \u2013 nab\u00f3r przed\u0142u\u017cony!!!<\/strong>\u201d<\/span><\/a><\/p>\n","protected":false},"author":1,"featured_media":0,"comment_status":"closed","ping_status":"","sticky":false,"template":"","format":"standard","meta":{"footnotes":""},"categories":[4],"tags":[],"class_list":["post-1729","post","type-post","status-publish","format-standard","hentry","category-news"],"_links":{"self":[{"href":"https:\/\/n.zegluga.edu.pl\/index.php?rest_route=\/wp\/v2\/posts\/1729","targetHints":{"allow":["GET"]}}],"collection":[{"href":"https:\/\/n.zegluga.edu.pl\/index.php?rest_route=\/wp\/v2\/posts"}],"about":[{"href":"https:\/\/n.zegluga.edu.pl\/index.php?rest_route=\/wp\/v2\/types\/post"}],"author":[{"embeddable":true,"href":"https:\/\/n.zegluga.edu.pl\/index.php?rest_route=\/wp\/v2\/users\/1"}],"replies":[{"embeddable":true,"href":"https:\/\/n.zegluga.edu.pl\/index.php?rest_route=%2Fwp%2Fv2%2Fcomments&post=1729"}],"version-history":[{"count":2,"href":"https:\/\/n.zegluga.edu.pl\/index.php?rest_route=\/wp\/v2\/posts\/1729\/revisions"}],"predecessor-version":[{"id":1732,"href":"https:\/\/n.zegluga.edu.pl\/index.php?rest_route=\/wp\/v2\/posts\/1729\/revisions\/1732"}],"wp:attachment":[{"href":"https:\/\/n.zegluga.edu.pl\/index.php?rest_route=%2Fwp%2Fv2%2Fmedia&parent=1729"}],"wp:term":[{"taxonomy":"category","embeddable":true,"href":"https:\/\/n.zegluga.edu.pl\/index.php?rest_route=%2Fwp%2Fv2%2Fcategories&post=1729"},{"taxonomy":"post_tag","embeddable":true,"href":"https:\/\/n.zegluga.edu.pl\/index.php?rest_route=%2Fwp%2Fv2%2Ftags&post=1729"}],"curies":[{"name":"wp","href":"https:\/\/api.w.org\/{rel}","templated":true}]}}