{"id":2014,"date":"2025-03-06T15:08:43","date_gmt":"2025-03-06T14:08:43","guid":{"rendered":"https:\/\/n.zegluga.edu.pl\/?p=2014"},"modified":"2025-03-06T15:08:43","modified_gmt":"2025-03-06T14:08:43","slug":"podzielnia-literacka-kozielskiego-stowarzyszenia-tworcow-barbara-saczko","status":"publish","type":"post","link":"https:\/\/n.zegluga.edu.pl\/?p=2014","title":{"rendered":"PoDZIELnia Literacka Kozielskiego Stowarzyszenia Tw\u00f3rc\u00f3w &#8211; Barbara Saczko"},"content":{"rendered":"\n<figure class=\"wp-block-image size-full\"><img fetchpriority=\"high\" decoding=\"async\" width=\"963\" height=\"541\" src=\"https:\/\/n.zegluga.edu.pl\/wp-content\/uploads\/2025\/03\/Obraz1.jpg\" alt=\"\" class=\"wp-image-2015\" srcset=\"https:\/\/n.zegluga.edu.pl\/wp-content\/uploads\/2025\/03\/Obraz1.jpg 963w, https:\/\/n.zegluga.edu.pl\/wp-content\/uploads\/2025\/03\/Obraz1-300x169.jpg 300w, https:\/\/n.zegluga.edu.pl\/wp-content\/uploads\/2025\/03\/Obraz1-768x431.jpg 768w\" sizes=\"(max-width: 706px) 89vw, (max-width: 767px) 82vw, 740px\" \/><\/figure>\n\n\n\n<p class=\"has-text-align-left\">Autorka dw\u00f3ch tom\u00f3w opowiada\u0144 <strong>,,Inny stan skupienia\u2019\u2019<\/strong> (2020r.) i <strong>,, Kwitn\u0105ca jab\u0142o\u0144\u2019\u2019<\/strong>(2021r.) , powie\u015bci <strong>,, Luminatorka \u2018\u2019<\/strong>(2023r.) \u00a0i <strong>,,Luminatorka. Przeznaczenie\u2019\u2019<\/strong>(2025r.), dw\u00f3ch monografii <em>Zespo\u0142u Szk\u00f3\u0142 \u017beglugi \u015ar\u00f3dl\u0105dowej w K\u0119dzierzynie \u2013 Ko\u017alu<\/em>. Pisze artyku\u0142y\u00a0 i wyg\u0142asza prelekcje o kulturze ludowej \u015al\u0105ska. Opublikowa\u0142a w t\u0142umaczeniu na j\u0119zyk niemiecki przez pani\u0105 Sandr\u0119 Langer <strong>,,Kwitn\u0105c\u0105 jab\u0142o\u0144\u2019\u2019<\/strong>(2022r) a opowiadanie <strong>,,Bajtloland\u2019\u2019<\/strong> w periodyku \u015al\u0105sk w Europie, kt\u00f3re zosta\u0142o nagrodzone w og\u00f3lnopolskim konkursie literackim <strong>,,Ze \u015al\u0105skiem na ty\u2019\u2019<\/strong>. W 2024 w Roczniku Zamku Golubskiego ukaza\u0142 si\u0119 artyku\u0142 <strong>,,Znaki pami\u0119ci o Annie Waz\u00f3wnie\u2019\u2019<\/strong>. Laureatka konkurs\u00f3w literackich <strong>,,Barwy Mojej Ma\u0142ej Ojczyzny\u2019\u2019<\/strong>\u00a0 i <strong>,,Ze \u015al\u0105skiem na ty\u2019\u2019<\/strong>.<\/p>\n\n\n\n<p><em>Prezeska Kozielskiego Stowarzyszenia Tw\u00f3rc\u00f3w<\/em>.<\/p>\n\n\n\n<p><\/p>\n","protected":false},"excerpt":{"rendered":"<p>Autorka dw\u00f3ch tom\u00f3w opowiada\u0144 ,,Inny stan skupienia\u2019\u2019 (2020r.) i ,, Kwitn\u0105ca jab\u0142o\u0144\u2019\u2019(2021r.) , powie\u015bci ,, Luminatorka \u2018\u2019(2023r.) \u00a0i ,,Luminatorka. Przeznaczenie\u2019\u2019(2025r.), dw\u00f3ch monografii Zespo\u0142u Szk\u00f3\u0142 \u017beglugi \u015ar\u00f3dl\u0105dowej w K\u0119dzierzynie \u2013 Ko\u017alu. Pisze artyku\u0142y\u00a0 i wyg\u0142asza prelekcje o kulturze ludowej \u015al\u0105ska. Opublikowa\u0142a w t\u0142umaczeniu na j\u0119zyk niemiecki przez pani\u0105 Sandr\u0119 Langer ,,Kwitn\u0105c\u0105 jab\u0142o\u0144\u2019\u2019(2022r) a opowiadanie ,,Bajtloland\u2019\u2019 w &hellip; <\/p>\n<p class=\"link-more\"><a href=\"https:\/\/n.zegluga.edu.pl\/?p=2014\" class=\"more-link\">Czytaj dalej<span class=\"screen-reader-text\"> \u201ePoDZIELnia Literacka Kozielskiego Stowarzyszenia Tw\u00f3rc\u00f3w &#8211; Barbara Saczko\u201d<\/span><\/a><\/p>\n","protected":false},"author":3,"featured_media":0,"comment_status":"closed","ping_status":"","sticky":false,"template":"","format":"standard","meta":{"footnotes":""},"categories":[4],"tags":[],"class_list":["post-2014","post","type-post","status-publish","format-standard","hentry","category-news"],"_links":{"self":[{"href":"https:\/\/n.zegluga.edu.pl\/index.php?rest_route=\/wp\/v2\/posts\/2014","targetHints":{"allow":["GET"]}}],"collection":[{"href":"https:\/\/n.zegluga.edu.pl\/index.php?rest_route=\/wp\/v2\/posts"}],"about":[{"href":"https:\/\/n.zegluga.edu.pl\/index.php?rest_route=\/wp\/v2\/types\/post"}],"author":[{"embeddable":true,"href":"https:\/\/n.zegluga.edu.pl\/index.php?rest_route=\/wp\/v2\/users\/3"}],"replies":[{"embeddable":true,"href":"https:\/\/n.zegluga.edu.pl\/index.php?rest_route=%2Fwp%2Fv2%2Fcomments&post=2014"}],"version-history":[{"count":1,"href":"https:\/\/n.zegluga.edu.pl\/index.php?rest_route=\/wp\/v2\/posts\/2014\/revisions"}],"predecessor-version":[{"id":2016,"href":"https:\/\/n.zegluga.edu.pl\/index.php?rest_route=\/wp\/v2\/posts\/2014\/revisions\/2016"}],"wp:attachment":[{"href":"https:\/\/n.zegluga.edu.pl\/index.php?rest_route=%2Fwp%2Fv2%2Fmedia&parent=2014"}],"wp:term":[{"taxonomy":"category","embeddable":true,"href":"https:\/\/n.zegluga.edu.pl\/index.php?rest_route=%2Fwp%2Fv2%2Fcategories&post=2014"},{"taxonomy":"post_tag","embeddable":true,"href":"https:\/\/n.zegluga.edu.pl\/index.php?rest_route=%2Fwp%2Fv2%2Ftags&post=2014"}],"curies":[{"name":"wp","href":"https:\/\/api.w.org\/{rel}","templated":true}]}}