{"id":2430,"date":"2025-06-06T09:04:43","date_gmt":"2025-06-06T07:04:43","guid":{"rendered":"https:\/\/n.zegluga.edu.pl\/?p=2430"},"modified":"2025-06-06T11:42:32","modified_gmt":"2025-06-06T09:42:32","slug":"regulamin-otwarcia-sezonu-nawigacyjnego","status":"publish","type":"post","link":"https:\/\/n.zegluga.edu.pl\/?p=2430","title":{"rendered":"OTWARCIE SEZONU NAWIGACYJNEGO 2025"},"content":{"rendered":"\n<p><strong>Zapraszamy na uroczyste \u201eOtwarcie Sezonu Nawigacyjnego 2025\u201d<\/strong><\/p>\n\n\n\n<figure class=\"wp-block-image size-full\"><img fetchpriority=\"high\" decoding=\"async\" width=\"1024\" height=\"874\" src=\"https:\/\/n.zegluga.edu.pl\/wp-content\/uploads\/2025\/06\/otwarcie-seonu-nawigacyjnego-2025.jpg\" alt=\"\" class=\"wp-image-2436\" srcset=\"https:\/\/n.zegluga.edu.pl\/wp-content\/uploads\/2025\/06\/otwarcie-seonu-nawigacyjnego-2025.jpg 1024w, https:\/\/n.zegluga.edu.pl\/wp-content\/uploads\/2025\/06\/otwarcie-seonu-nawigacyjnego-2025-300x256.jpg 300w, https:\/\/n.zegluga.edu.pl\/wp-content\/uploads\/2025\/06\/otwarcie-seonu-nawigacyjnego-2025-768x656.jpg 768w\" sizes=\"(max-width: 706px) 89vw, (max-width: 767px) 82vw, 740px\" \/><\/figure>\n\n\n\n<p>\ud83d\udcc5 <strong>Data:<\/strong> 9 czerwca 2025 r.<br>\ud83d\udccd <strong>Miejsce:<\/strong> [Wyspa &#8211; Ko\u017ale]<br>\ud83d\udd52 <strong>Start:<\/strong> godz. 9.30<\/p>\n\n\n\n<p>W programie dnia przewidziano szereg emocjonuj\u0105cych <strong>konkurencji i atrakcji<\/strong>, w kt\u00f3rych ka\u017cdy znajdzie co\u015b dla siebie:<\/p>\n\n\n\n<h3 class=\"wp-block-heading\">\ud83d\udd39 PROGRAM KONKURSU:<\/h3>\n\n\n\n<ul class=\"wp-block-list\">\n<li>\ud83c\udfaf <strong>Rzutki<\/strong> \u2013 celno\u015b\u0107 i skupienie pod presj\u0105<\/li>\n\n\n\n<li>\ud83d\udd27 <strong>Konkurencja mechaniczna<\/strong> \u2013 sprawd\u017a swoje umiej\u0119tno\u015bci techniczne<\/li>\n\n\n\n<li>\ud83d\udcfb <strong>Radia<\/strong> \u2013 komunikacja i szybko\u015b\u0107 reakcji<\/li>\n\n\n\n<li>\u26d3 <strong>W\u0119z\u0142y<\/strong> \u2013 precyzja i znajomo\u015b\u0107 sztuki \u017ceglarskiej<\/li>\n\n\n\n<li>\ud83d\udea3 <strong>Wio\u015blarz<\/strong> \u2013 si\u0142a i wytrzyma\u0142o\u015b\u0107 w rywalizacji <\/li>\n\n\n\n<li>\u26f5 <strong>Regaty<\/strong> \u2013 klasyczna walka na wodzie<\/li>\n\n\n\n<li>\ud83c\udfaf <strong>Strzelnica<\/strong> \u2013 celno\u015b\u0107 i koncentracja<\/li>\n\n\n\n<li>\ud83c\udfd0 <strong>Siatk\u00f3wka<\/strong> \u2013 sportowa rywalizacja zespo\u0142owa<\/li>\n\n\n\n<li>\u26d1 <strong>Pierwsza pomoc<\/strong> \u2013 sprawd\u017a swoj\u0105 wiedz\u0119 i refleks w ratowaniu \u017cycia<\/li>\n\n\n\n<li>\ud83d\uddfc <strong>Wie\u017ca<\/strong> \u2013 zadanie niespodzianka z elementami sprawno\u015bciowymi<\/li>\n<\/ul>\n\n\n\n<h3 class=\"wp-block-heading\">\ud83d\udd38 Na uczestnik\u00f3w czekaj\u0105:<\/h3>\n\n\n\n<ul class=\"wp-block-list\">\n<li>Nagrody dla zwyci\u0119zc\u00f3w<\/li>\n\n\n\n<li>Dyplomy i upominki za udzia\u0142<\/li>\n\n\n\n<li>Pocz\u0119stunek i wsp\u00f3lna integracja <\/li>\n<\/ul>\n\n\n\n<hr class=\"wp-block-separator has-alpha-channel-opacity\"\/>\n\n\n\n<p><strong>Nie mo\u017ce Ci\u0119 zabrakn\u0105\u0107!<\/strong><br>Do zobaczenia na starcie sezonu!<\/p>\n\n\n\n<p><\/p>\n\n\n\n<p><\/p>\n\n\n\n<div data-wp-interactive=\"core\/file\" class=\"wp-block-file\"><object data-wp-bind--hidden=\"!state.hasPdfPreview\" hidden class=\"wp-block-file__embed\" data=\"https:\/\/n.zegluga.edu.pl\/wp-content\/uploads\/2025\/06\/regulamin-otwarcia-sezonu.pdf\" type=\"application\/pdf\" style=\"width:100%;height:600px\" aria-label=\"Osadzone z regulamin otwarcia sezonu.\"><\/object><a id=\"wp-block-file--media-03794bcc-d46d-49a1-b361-dfe116eedfd2\" href=\"https:\/\/n.zegluga.edu.pl\/wp-content\/uploads\/2025\/06\/regulamin-otwarcia-sezonu.pdf\">regulamin otwarcia sezonu<\/a><a href=\"https:\/\/n.zegluga.edu.pl\/wp-content\/uploads\/2025\/06\/regulamin-otwarcia-sezonu.pdf\" class=\"wp-block-file__button wp-element-button\" download aria-describedby=\"wp-block-file--media-03794bcc-d46d-49a1-b361-dfe116eedfd2\">Pobierz<\/a><\/div>\n\n\n\n<p><\/p>\n","protected":false},"excerpt":{"rendered":"<p>Zapraszamy na uroczyste \u201eOtwarcie Sezonu Nawigacyjnego 2025\u201d \ud83d\udcc5 Data: 9 czerwca 2025 r.\ud83d\udccd Miejsce: [Wyspa &#8211; Ko\u017ale]\ud83d\udd52 Start: godz. 9.30 W programie dnia przewidziano szereg emocjonuj\u0105cych konkurencji i atrakcji, w kt\u00f3rych ka\u017cdy znajdzie co\u015b dla siebie: \ud83d\udd39 PROGRAM KONKURSU: \ud83d\udd38 Na uczestnik\u00f3w czekaj\u0105: Nie mo\u017ce Ci\u0119 zabrakn\u0105\u0107!Do zobaczenia na starcie sezonu!<\/p>\n","protected":false},"author":2,"featured_media":0,"comment_status":"closed","ping_status":"","sticky":false,"template":"","format":"standard","meta":{"footnotes":""},"categories":[4],"tags":[],"class_list":["post-2430","post","type-post","status-publish","format-standard","hentry","category-news"],"_links":{"self":[{"href":"https:\/\/n.zegluga.edu.pl\/index.php?rest_route=\/wp\/v2\/posts\/2430","targetHints":{"allow":["GET"]}}],"collection":[{"href":"https:\/\/n.zegluga.edu.pl\/index.php?rest_route=\/wp\/v2\/posts"}],"about":[{"href":"https:\/\/n.zegluga.edu.pl\/index.php?rest_route=\/wp\/v2\/types\/post"}],"author":[{"embeddable":true,"href":"https:\/\/n.zegluga.edu.pl\/index.php?rest_route=\/wp\/v2\/users\/2"}],"replies":[{"embeddable":true,"href":"https:\/\/n.zegluga.edu.pl\/index.php?rest_route=%2Fwp%2Fv2%2Fcomments&post=2430"}],"version-history":[{"count":3,"href":"https:\/\/n.zegluga.edu.pl\/index.php?rest_route=\/wp\/v2\/posts\/2430\/revisions"}],"predecessor-version":[{"id":2437,"href":"https:\/\/n.zegluga.edu.pl\/index.php?rest_route=\/wp\/v2\/posts\/2430\/revisions\/2437"}],"wp:attachment":[{"href":"https:\/\/n.zegluga.edu.pl\/index.php?rest_route=%2Fwp%2Fv2%2Fmedia&parent=2430"}],"wp:term":[{"taxonomy":"category","embeddable":true,"href":"https:\/\/n.zegluga.edu.pl\/index.php?rest_route=%2Fwp%2Fv2%2Fcategories&post=2430"},{"taxonomy":"post_tag","embeddable":true,"href":"https:\/\/n.zegluga.edu.pl\/index.php?rest_route=%2Fwp%2Fv2%2Ftags&post=2430"}],"curies":[{"name":"wp","href":"https:\/\/api.w.org\/{rel}","templated":true}]}}