{"id":2438,"date":"2025-06-10T11:35:38","date_gmt":"2025-06-10T09:35:38","guid":{"rendered":"https:\/\/n.zegluga.edu.pl\/?p=2438"},"modified":"2025-06-10T11:35:38","modified_gmt":"2025-06-10T09:35:38","slug":"otwarcie-sezonu-nawigacyjnego-2025","status":"publish","type":"post","link":"https:\/\/n.zegluga.edu.pl\/?p=2438","title":{"rendered":"Otwarcie Sezonu Nawigacyjnego 2025!"},"content":{"rendered":"\n<p>S\u0142o\u0144ce, wiatr i pasja do \u017ceglugi \u2013 tak uczniowie <a href=\"https:\/\/www.facebook.com\/zszeglugi.srodladowej?__cft__[0]=AZWYsEOYg3UNIwmVsNwtR8MzMF4W2QtzRrjiTdyW83A3dC-QAoT5H5TTdmVNIRul9u-IvmW3P-xujG4yetRDNbrpp9xbknbbehFtxjA779yo00BP_oxtaiVHAEh0VURiY1i2DFzoou2eESJrZB2NtTpzXcMQyIsjxUYs1lIgAenPenlcySowG_Z9csoeug3tI0e29ad8czO6UbNKLyn-jPXcX2WfpVvjj4M3e3Bf8KtKNQ&amp;__tn__=-]K-y-R\">ZS \u017beglugi \u015ar\u00f3dl\u0105dowej w K\u0119dzierzynie-Ko\u017alu<\/a> rozpocz\u0119li sezon nawigacyjny na <a><\/a>Przystani Szkwa\u0142 <img decoding=\"async\" height=\"16\" width=\"16\" alt=\"\ud83c\udf0a\" src=\"https:\/\/static.xx.fbcdn.net\/images\/emoji.php\/v9\/tbc\/1\/16\/1f30a.png\"><img decoding=\"async\" height=\"16\" width=\"16\" alt=\"\u26f5\" src=\"https:\/\/static.xx.fbcdn.net\/images\/emoji.php\/v9\/t7c\/1\/16\/26f5.png\"><\/p>\n\n\n\n<p><img decoding=\"async\" height=\"16\" width=\"16\" alt=\"\ud83d\udcac\" src=\"https:\/\/static.xx.fbcdn.net\/images\/emoji.php\/v9\/t6e\/1\/16\/1f4ac.png\"> \u201eTo ju\u017c 13 raz \u2013 Odra dla nas \u017cyje!\u201d \u2013 m\u00f3wi wicestarosta J\u00f3zef Gisman<\/p>\n\n\n\n<p><img decoding=\"async\" height=\"16\" width=\"16\" alt=\"\ud83d\udcac\" src=\"https:\/\/static.xx.fbcdn.net\/images\/emoji.php\/v9\/t6e\/1\/16\/1f4ac.png\"> \u201e\u017begluga to nie szko\u0142a. To styl \u017cycia\u201d \u2013 przypomina dyrektorka szko\u0142y Agnieszka Kossakowska<\/p>\n\n\n\n<p><img loading=\"lazy\" decoding=\"async\" height=\"16\" width=\"16\" alt=\"\ud83d\udef6\" src=\"https:\/\/static.xx.fbcdn.net\/images\/emoji.php\/v9\/t5e\/1\/16\/1f6f6.png\"> Regaty, siatk\u00f3wka, przeci\u0105ganie liny i grill \u2013 by\u0142o wszystko, co najlepsze w szkolnym \u015bwi\u0119cie z \u017ceglarsk\u0105 dusz\u0105! <img loading=\"lazy\" decoding=\"async\" height=\"16\" width=\"16\" alt=\"\u2693\" src=\"https:\/\/static.xx.fbcdn.net\/images\/emoji.php\/v9\/t87\/1\/16\/2693.png\"><img loading=\"lazy\" decoding=\"async\" height=\"16\" width=\"16\" alt=\"\ud83d\udd25\" src=\"https:\/\/static.xx.fbcdn.net\/images\/emoji.php\/v9\/t50\/1\/16\/1f525.png\"><\/p>\n\n\n<div class=\"wp-block-image\">\n<figure class=\"aligncenter size-large\"><a href=\"https:\/\/photos.app.goo.gl\/ATqvn6XYSqRdLCwWA\"><img loading=\"lazy\" decoding=\"async\" width=\"1024\" height=\"683\" src=\"https:\/\/n.zegluga.edu.pl\/wp-content\/uploads\/2025\/06\/image-1024x683.png\" alt=\"\" class=\"wp-image-2439\" srcset=\"https:\/\/n.zegluga.edu.pl\/wp-content\/uploads\/2025\/06\/image-1024x683.png 1024w, https:\/\/n.zegluga.edu.pl\/wp-content\/uploads\/2025\/06\/image-300x200.png 300w, https:\/\/n.zegluga.edu.pl\/wp-content\/uploads\/2025\/06\/image-768x512.png 768w, https:\/\/n.zegluga.edu.pl\/wp-content\/uploads\/2025\/06\/image.png 1443w\" sizes=\"(max-width: 706px) 89vw, (max-width: 767px) 82vw, 740px\" \/><\/a><\/figure><\/div>\n\n\n<p><img loading=\"lazy\" decoding=\"async\" height=\"16\" width=\"16\" alt=\"\ud83d\udcf7\" src=\"https:\/\/static.xx.fbcdn.net\/images\/emoji.php\/v9\/t5d\/1\/16\/1f4f7.png\"> Zapraszamy na relacj\u0119 z tego wydarzenia na stronach powiatu: <a href=\"https:\/\/www.powiat.kedzierzyn-kozle.pl\/16158\/sezon-nawigacyjny-otwarty-zegluga-to-nie-szkola-to-styl-zycia.html?fbclid=IwZXh0bgNhZW0CMTAAYnJpZBEwdEwweXBKUVA2Vk8zcVl6VgEeOrBL9WJ0xNyVnnZO8qrMzWkfNnghdVSg7qzfsVQ1XowXIApf3Tsc88kVsI4_aem_g4N3As0g57Eb30OGYPF2_g\" rel=\"noreferrer noopener\" target=\"_blank\">https:\/\/www.powiat.kedzierzyn-kozle.pl\/&#8230;\/sezon&#8230;<\/a><\/p>\n","protected":false},"excerpt":{"rendered":"<p>S\u0142o\u0144ce, wiatr i pasja do \u017ceglugi \u2013 tak uczniowie ZS \u017beglugi \u015ar\u00f3dl\u0105dowej w K\u0119dzierzynie-Ko\u017alu rozpocz\u0119li sezon nawigacyjny na Przystani Szkwa\u0142 \u201eTo ju\u017c 13 raz \u2013 Odra dla nas \u017cyje!\u201d \u2013 m\u00f3wi wicestarosta J\u00f3zef Gisman \u201e\u017begluga to nie szko\u0142a. To styl \u017cycia\u201d \u2013 przypomina dyrektorka szko\u0142y Agnieszka Kossakowska Regaty, siatk\u00f3wka, przeci\u0105ganie liny i grill \u2013 by\u0142o &hellip; <\/p>\n<p class=\"link-more\"><a href=\"https:\/\/n.zegluga.edu.pl\/?p=2438\" class=\"more-link\">Czytaj dalej<span class=\"screen-reader-text\"> \u201eOtwarcie Sezonu Nawigacyjnego 2025!\u201d<\/span><\/a><\/p>\n","protected":false},"author":1,"featured_media":0,"comment_status":"closed","ping_status":"","sticky":false,"template":"","format":"standard","meta":{"footnotes":""},"categories":[4],"tags":[],"class_list":["post-2438","post","type-post","status-publish","format-standard","hentry","category-news"],"_links":{"self":[{"href":"https:\/\/n.zegluga.edu.pl\/index.php?rest_route=\/wp\/v2\/posts\/2438","targetHints":{"allow":["GET"]}}],"collection":[{"href":"https:\/\/n.zegluga.edu.pl\/index.php?rest_route=\/wp\/v2\/posts"}],"about":[{"href":"https:\/\/n.zegluga.edu.pl\/index.php?rest_route=\/wp\/v2\/types\/post"}],"author":[{"embeddable":true,"href":"https:\/\/n.zegluga.edu.pl\/index.php?rest_route=\/wp\/v2\/users\/1"}],"replies":[{"embeddable":true,"href":"https:\/\/n.zegluga.edu.pl\/index.php?rest_route=%2Fwp%2Fv2%2Fcomments&post=2438"}],"version-history":[{"count":1,"href":"https:\/\/n.zegluga.edu.pl\/index.php?rest_route=\/wp\/v2\/posts\/2438\/revisions"}],"predecessor-version":[{"id":2440,"href":"https:\/\/n.zegluga.edu.pl\/index.php?rest_route=\/wp\/v2\/posts\/2438\/revisions\/2440"}],"wp:attachment":[{"href":"https:\/\/n.zegluga.edu.pl\/index.php?rest_route=%2Fwp%2Fv2%2Fmedia&parent=2438"}],"wp:term":[{"taxonomy":"category","embeddable":true,"href":"https:\/\/n.zegluga.edu.pl\/index.php?rest_route=%2Fwp%2Fv2%2Fcategories&post=2438"},{"taxonomy":"post_tag","embeddable":true,"href":"https:\/\/n.zegluga.edu.pl\/index.php?rest_route=%2Fwp%2Fv2%2Ftags&post=2438"}],"curies":[{"name":"wp","href":"https:\/\/api.w.org\/{rel}","templated":true}]}}