{"id":2670,"date":"2025-07-22T18:30:29","date_gmt":"2025-07-22T16:30:29","guid":{"rendered":"https:\/\/n.zegluga.edu.pl\/?p=2670"},"modified":"2025-07-22T18:30:29","modified_gmt":"2025-07-22T16:30:29","slug":"barbara-wolkowska","status":"publish","type":"post","link":"https:\/\/n.zegluga.edu.pl\/?p=2670","title":{"rendered":"Barbara Wo\u0142kowska"},"content":{"rendered":"\n<p>Z g\u0142\u0119bokim \u017calem informujemy o \u015bmierci Pani Barbary Wo\u0142kowskiej, kt\u00f3ra w latach 1977-2003 z oddaniem i pasj\u0105 pracowa\u0142a w kadrach Zespo\u0142u Szk\u00f3\u0142 \u017beglugi \u015ar\u00f3dl\u0105dowej. Jej <a><\/a>wk\u0142ad w nasz\u0105 spo\u0142eczno\u015b\u0107 na zawsze pozostanie w naszej pami\u0119ci.<\/p>\n\n\n\n<p>Pogrzeb odb\u0119dzie si\u0119 23 lipca br. o godzinie 12:00 w ko\u015bciele parafialnym \u015bw. Zygmunta i Jadwigi \u015al\u0105skiej.<\/p>\n\n\n\n<p>Rodzinie i bliskim sk\u0142adamy szczere kondolencje.<\/p>\n\n\n\n<figure class=\"wp-block-image size-full is-resized\"><img fetchpriority=\"high\" decoding=\"async\" width=\"526\" height=\"538\" src=\"https:\/\/n.zegluga.edu.pl\/wp-content\/uploads\/2025\/07\/image-4.png\" alt=\"\" class=\"wp-image-2671\" style=\"width:293px;height:auto\" srcset=\"https:\/\/n.zegluga.edu.pl\/wp-content\/uploads\/2025\/07\/image-4.png 526w, https:\/\/n.zegluga.edu.pl\/wp-content\/uploads\/2025\/07\/image-4-293x300.png 293w\" sizes=\"(max-width: 526px) 100vw, 526px\" \/><\/figure>\n","protected":false},"excerpt":{"rendered":"<p>Z g\u0142\u0119bokim \u017calem informujemy o \u015bmierci Pani Barbary Wo\u0142kowskiej, kt\u00f3ra w latach 1977-2003 z oddaniem i pasj\u0105 pracowa\u0142a w kadrach Zespo\u0142u Szk\u00f3\u0142 \u017beglugi \u015ar\u00f3dl\u0105dowej. Jej wk\u0142ad w nasz\u0105 spo\u0142eczno\u015b\u0107 na zawsze pozostanie w naszej pami\u0119ci. Pogrzeb odb\u0119dzie si\u0119 23 lipca br. o godzinie 12:00 w ko\u015bciele parafialnym \u015bw. Zygmunta i Jadwigi \u015al\u0105skiej. Rodzinie i bliskim &hellip; <\/p>\n<p class=\"link-more\"><a href=\"https:\/\/n.zegluga.edu.pl\/?p=2670\" class=\"more-link\">Czytaj dalej<span class=\"screen-reader-text\"> \u201eBarbara Wo\u0142kowska\u201d<\/span><\/a><\/p>\n","protected":false},"author":2,"featured_media":0,"comment_status":"closed","ping_status":"","sticky":false,"template":"","format":"standard","meta":{"footnotes":""},"categories":[4],"tags":[],"class_list":["post-2670","post","type-post","status-publish","format-standard","hentry","category-news"],"_links":{"self":[{"href":"https:\/\/n.zegluga.edu.pl\/index.php?rest_route=\/wp\/v2\/posts\/2670","targetHints":{"allow":["GET"]}}],"collection":[{"href":"https:\/\/n.zegluga.edu.pl\/index.php?rest_route=\/wp\/v2\/posts"}],"about":[{"href":"https:\/\/n.zegluga.edu.pl\/index.php?rest_route=\/wp\/v2\/types\/post"}],"author":[{"embeddable":true,"href":"https:\/\/n.zegluga.edu.pl\/index.php?rest_route=\/wp\/v2\/users\/2"}],"replies":[{"embeddable":true,"href":"https:\/\/n.zegluga.edu.pl\/index.php?rest_route=%2Fwp%2Fv2%2Fcomments&post=2670"}],"version-history":[{"count":1,"href":"https:\/\/n.zegluga.edu.pl\/index.php?rest_route=\/wp\/v2\/posts\/2670\/revisions"}],"predecessor-version":[{"id":2672,"href":"https:\/\/n.zegluga.edu.pl\/index.php?rest_route=\/wp\/v2\/posts\/2670\/revisions\/2672"}],"wp:attachment":[{"href":"https:\/\/n.zegluga.edu.pl\/index.php?rest_route=%2Fwp%2Fv2%2Fmedia&parent=2670"}],"wp:term":[{"taxonomy":"category","embeddable":true,"href":"https:\/\/n.zegluga.edu.pl\/index.php?rest_route=%2Fwp%2Fv2%2Fcategories&post=2670"},{"taxonomy":"post_tag","embeddable":true,"href":"https:\/\/n.zegluga.edu.pl\/index.php?rest_route=%2Fwp%2Fv2%2Ftags&post=2670"}],"curies":[{"name":"wp","href":"https:\/\/api.w.org\/{rel}","templated":true}]}}