{"id":2733,"date":"2025-09-11T08:44:44","date_gmt":"2025-09-11T06:44:44","guid":{"rendered":"https:\/\/n.zegluga.edu.pl\/?p=2733"},"modified":"2025-09-11T08:44:44","modified_gmt":"2025-09-11T06:44:44","slug":"marszalkowski-program-stypendialny-dla-uczniow-szkol-i-placowek-ksztalcenia-zawodowego-wojewodztwa-opolskiego","status":"publish","type":"post","link":"https:\/\/n.zegluga.edu.pl\/?p=2733","title":{"rendered":"Marsza\u0142kowski Program Stypendialny dla uczni\u00f3w szk\u00f3\u0142 i plac\u00f3wek kszta\u0142cenia zawodowego wojew\u00f3dztwa opolskiego"},"content":{"rendered":"\n<p>Zarz\u0105d Wojew\u00f3dztwa Opolskiego og\u0142asza<strong>\u00a0nab\u00f3r wniosk\u00f3w o przyznanie stypendium na rok szkolny 2025\/2026\u00a0<\/strong>w ramach projektu<strong>\u00a0pn. \u201eMarsza\u0142kowski Program Stypendialny dla uczni\u00f3w szk\u00f3\u0142 i plac\u00f3wek kszta\u0142cenia zawodowego wojew\u00f3dztwa opolskiego\u201d,\u00a0<\/strong>realizowanego w ramach Dzia\u0142ania 5.8 Programy pomocy stypendialnej, programu regionalnego FEO 2021-2027.<\/p>\n\n\n<div class=\"wp-block-image\">\n<figure class=\"aligncenter size-full\"><img fetchpriority=\"high\" decoding=\"async\" width=\"669\" height=\"942\" src=\"https:\/\/n.zegluga.edu.pl\/wp-content\/uploads\/2025\/09\/image-2.png\" alt=\"\" class=\"wp-image-2734\" srcset=\"https:\/\/n.zegluga.edu.pl\/wp-content\/uploads\/2025\/09\/image-2.png 669w, https:\/\/n.zegluga.edu.pl\/wp-content\/uploads\/2025\/09\/image-2-213x300.png 213w\" sizes=\"(max-width: 669px) 100vw, 669px\" \/><\/figure><\/div>\n\n\n<p><strong>TERMIN NABORU: 8 WRZE\u015aNIA \u2013 26 WRZE\u015aNIA 2025 R.<\/strong><\/p>\n\n\n\n<p>O stypendium mog\u0105 si\u0119 ubiega\u0107 uczniowie\/ uczennice, kt\u00f3rzy\/re:<\/p>\n\n\n\n<ul class=\"wp-block-list\">\n<li>w roku szkolnym 2025\/2026 rozpocz\u0119li lub kontynuuj\u0105 nauk\u0119 w szkole prowadz\u0105cej kszta\u0142cenie zawodowe lub artystyczne na terenie wojew\u00f3dztwa opolskiego;<\/li>\n\n\n\n<li>DOTYCZY UCZNI\u00d3W CO NAJMNIEJ II KLASY \u2013\u00a0w roku szkolnym 2024\/2025 uzyskali \u015bredni\u0105 ocen nie mniejsz\u0105 ni\u017c 4,66 z dowolnie wybranych 3 przedmiot\u00f3w z grupy przedmiot\u00f3w zawodowych, artystycznych oraz j\u0119zyk\u00f3w obcych nowo\u017cytnych<\/li>\n\n\n\n<li>DOTYCZY UCZNI\u00d3W KLASY I \u2013\u00a0w roku szkolnym 2024\/2025 uzyskali z egzaminu \u00f3smoklasisty wyniki na poziomie nie ni\u017cszym ni\u017c:<\/li>\n<\/ul>\n\n\n\n<p>\u2013 60 % z j\u0119zyka polskiego,<\/p>\n\n\n\n<p>\u2013 55 % z matematyki,<\/p>\n\n\n\n<p>\u2013 67 % z j\u0119zyka obcego nowo\u017cytnego<\/p>\n\n\n\n<ul class=\"wp-block-list\">\n<li>znajduj\u0105 si\u0119 w grupie defaworyzowanej, spe\u0142niaj\u0105c co najmniej jedno z poni\u017cszych kryteri\u00f3w:<\/li>\n<\/ul>\n\n\n\n<ol class=\"wp-block-list\">\n<li>zamieszkuj\u0105 obszary wiejskie \u2013 zgodnie z klasyfikacj\u0105 DEGURBA ,<\/li>\n\n\n\n<li>zamieszkuj\u0105 na obszarach strategicznej interwencji zgodnie z OSI Krajowe :<\/li>\n\n\n\n<li>znajduj\u0105 si\u0119 w pieczy zast\u0119pczej,<\/li>\n\n\n\n<li>rodzina ucznia ma ustalone prawo do zasi\u0142ku rodzinnego, w okresie wskazanym w og\u0142oszeniu o naborze,<\/li>\n\n\n\n<li>posiadaj\u0105 orzeczenie o potrzebie kszta\u0142cenia specjalnego,<\/li>\n\n\n\n<li>posiadaj\u0105 orzeczenie o potrzebie indywidualnego nauczania, ze wzgl\u0119du na stan zdrowia utrudniaj\u0105cy lub uniemo\u017cliwiaj\u0105cy chodzenie do szko\u0142y,<\/li>\n\n\n\n<li>posiadaj\u0105cy specjalne potrzeby edukacyjne, bez orzeczenia o potrzebie kszta\u0142cenia specjalnego, ze wzgl\u0119du na:<\/li>\n<\/ol>\n\n\n\n<p>\u2013 przewlek\u0142e choroby,<\/p>\n\n\n\n<p>\u2013 zaburzenia zachowania lub emocji,<\/p>\n\n\n\n<p>\u2013 specyficzne trudno\u015bci w uczeniu si\u0119,<\/p>\n\n\n\n<p>\u2013 deficyty kompetencji i zaburzenia sprawno\u015bci j\u0119zykowych,<\/p>\n\n\n\n<p>\u2013 sytuacje kryzysowe b\u0105d\u017a traumatyczne,<\/p>\n\n\n\n<p>\u2013 niepowodzenia edukacyjne,<\/p>\n\n\n\n<p>\u2013 zaniedbanie \u015brodowiskowe, z uwagi na sytuacj\u0119 bytow\u0105 ucznia i jego rodziny, spos\u00f3b sp\u0119dzania czasu wolnego czy kontakty \u015brodowiskowe,<\/p>\n\n\n\n<p>\u2013 trudno\u015bci adaptacyjne zwi\u0105zane z r\u00f3\u017cnicami kulturowymi lub ze zmian\u0105 \u015brodowiska edukacyjnego, w tym zwi\u0105zane z wcze\u015bniejszym kszta\u0142ceniem za granic\u0105 np. dzieci romskie, dzieci z rodzin migrant\u00f3w.<\/p>\n\n\n\n<ul class=\"wp-block-list\">\n<li>nie otrzymali Nagrody Marsza\u0142ka Wojew\u00f3dztwa Opolskiego Prymus Opolszczyzny, Nagrody Specjalnej Marsza\u0142ka Wojew\u00f3dztwa Opolskiego Prymus Opolszczyzny za osi\u0105gni\u0119cia w danym roku szkolnym, przyznanych przez Zarz\u0105d Wojew\u00f3dztwa Opolskiego;<\/li>\n\n\n\n<li>nie pobieraj\u0105 innego stypendium za wyniki w nauce finansowanego lub wsp\u00f3\u0142finansowanego ze \u015brodk\u00f3w Europejskiego Funduszu Spo\u0142ecznego Plus w ramach FEO na lata 2021-2027;<\/li>\n<\/ul>\n\n\n\n<p>Wnioski z\u0142o\u017cone po terminie nie b\u0119d\u0105 rozpatrywane \u2013 DECYDUJE DATA WP\u0141YWU WNIOSKU DO URZ\u0118DU.<br>W przypadku przesy\u0142ek poleconych, nadanych w polskiej plac\u00f3wce pocztowej oraz korespondencji nadanej za po\u015brednictwem skrzynki ePUAP, oraz za pomoc\u0105 dor\u0119cze\u0144 elektronicznych decyduje data nadania.<\/p>\n\n\n\n<p><a href=\"https:\/\/www.opolskie.pl\/2025\/09\/rusza-nabor-w-programie-stypendialnym-dla-uczniow-szkol-i-placowek-ksztalcenia-zawodowego-i-artystycznego\/informacja-o-naborze-5\/\">Informacja o naborze<\/a><\/p>\n\n\n\n<p><a href=\"https:\/\/www.opolskie.pl\/informacja-latwa-do-czytania-3\/\">Informacja \u0142atwa do czytania<\/a><\/p>\n\n\n\n<p><a href=\"https:\/\/www.opolskie.pl\/regulamin-zawodowy\/\">Regulamin<\/a><\/p>\n\n\n\n<p><a href=\"https:\/\/www.opolskie.pl\/wniosek-o-przyznanie-stypendium-zawodowe\/\">Wniosek o przyznanie stypendium zawodowe<\/a><\/p>\n\n\n\n<p><a href=\"https:\/\/www.opolskie.pl\/zalacznik-nr-2-zaswiadczenie-opinia-o-specjalnych-potrzebach-edukacyjnych-ucznia-3\/\">Za\u0142\u0105cznik nr 2 za\u015bwiadczenie opinia o specjalnych potrzebach edukacyjnych ucznia<\/a><\/p>\n\n\n\n<p><a href=\"https:\/\/www.opolskie.pl\/podzial-woj-opolskiego-wg-klasyfikacji-degurba-oraz-osi-4\/\">Podzial woj.opolskiego wg klasyfikacji degurba oraz osi<\/a><\/p>\n\n\n\n<p><a href=\"https:\/\/www.opolskie.pl\/2024\/09\/rusza-nabor-w-programie-stypendialnym-dla-uczniow-szkol-i-placowek-ksztalcenia-zawodowego-i-artystycznego\/zawodowy-plakat-2025\/\" target=\"_blank\" rel=\"noreferrer noopener\">Plakat 2025<\/a><\/p>\n","protected":false},"excerpt":{"rendered":"<p>Zarz\u0105d Wojew\u00f3dztwa Opolskiego og\u0142asza\u00a0nab\u00f3r wniosk\u00f3w o przyznanie stypendium na rok szkolny 2025\/2026\u00a0w ramach projektu\u00a0pn. \u201eMarsza\u0142kowski Program Stypendialny dla uczni\u00f3w szk\u00f3\u0142 i plac\u00f3wek kszta\u0142cenia zawodowego wojew\u00f3dztwa opolskiego\u201d,\u00a0realizowanego w ramach Dzia\u0142ania 5.8 Programy pomocy stypendialnej, programu regionalnego FEO 2021-2027. TERMIN NABORU: 8 WRZE\u015aNIA \u2013 26 WRZE\u015aNIA 2025 R. O stypendium mog\u0105 si\u0119 ubiega\u0107 uczniowie\/ uczennice, kt\u00f3rzy\/re: \u2013 &hellip; <\/p>\n<p class=\"link-more\"><a href=\"https:\/\/n.zegluga.edu.pl\/?p=2733\" class=\"more-link\">Czytaj dalej<span class=\"screen-reader-text\"> \u201eMarsza\u0142kowski Program Stypendialny dla uczni\u00f3w szk\u00f3\u0142 i plac\u00f3wek kszta\u0142cenia zawodowego wojew\u00f3dztwa opolskiego\u201d<\/span><\/a><\/p>\n","protected":false},"author":1,"featured_media":0,"comment_status":"closed","ping_status":"","sticky":false,"template":"","format":"standard","meta":{"footnotes":""},"categories":[4],"tags":[],"class_list":["post-2733","post","type-post","status-publish","format-standard","hentry","category-news"],"_links":{"self":[{"href":"https:\/\/n.zegluga.edu.pl\/index.php?rest_route=\/wp\/v2\/posts\/2733","targetHints":{"allow":["GET"]}}],"collection":[{"href":"https:\/\/n.zegluga.edu.pl\/index.php?rest_route=\/wp\/v2\/posts"}],"about":[{"href":"https:\/\/n.zegluga.edu.pl\/index.php?rest_route=\/wp\/v2\/types\/post"}],"author":[{"embeddable":true,"href":"https:\/\/n.zegluga.edu.pl\/index.php?rest_route=\/wp\/v2\/users\/1"}],"replies":[{"embeddable":true,"href":"https:\/\/n.zegluga.edu.pl\/index.php?rest_route=%2Fwp%2Fv2%2Fcomments&post=2733"}],"version-history":[{"count":1,"href":"https:\/\/n.zegluga.edu.pl\/index.php?rest_route=\/wp\/v2\/posts\/2733\/revisions"}],"predecessor-version":[{"id":2735,"href":"https:\/\/n.zegluga.edu.pl\/index.php?rest_route=\/wp\/v2\/posts\/2733\/revisions\/2735"}],"wp:attachment":[{"href":"https:\/\/n.zegluga.edu.pl\/index.php?rest_route=%2Fwp%2Fv2%2Fmedia&parent=2733"}],"wp:term":[{"taxonomy":"category","embeddable":true,"href":"https:\/\/n.zegluga.edu.pl\/index.php?rest_route=%2Fwp%2Fv2%2Fcategories&post=2733"},{"taxonomy":"post_tag","embeddable":true,"href":"https:\/\/n.zegluga.edu.pl\/index.php?rest_route=%2Fwp%2Fv2%2Ftags&post=2733"}],"curies":[{"name":"wp","href":"https:\/\/api.w.org\/{rel}","templated":true}]}}