{"id":598,"date":"2021-11-25T13:30:57","date_gmt":"2021-11-25T12:30:57","guid":{"rendered":"https:\/\/n.zegluga.edu.pl\/?p=598"},"modified":"2021-11-29T09:19:24","modified_gmt":"2021-11-29T08:19:24","slug":"zmarl-andrzej-ogonek","status":"publish","type":"post","link":"https:\/\/n.zegluga.edu.pl\/?p=598","title":{"rendered":"ZMAR\u0141  ANDRZEJ OGONEK"},"content":{"rendered":"\n<div class=\"wp-block-image\"><figure class=\"aligncenter size-large is-resized\"><img fetchpriority=\"high\" decoding=\"async\" src=\"https:\/\/n.zegluga.edu.pl\/wp-content\/uploads\/2021\/11\/ANDRZEJOGONEK-770x1024.jpg\" alt=\"\" class=\"wp-image-599\" width=\"253\" height=\"336\" srcset=\"https:\/\/n.zegluga.edu.pl\/wp-content\/uploads\/2021\/11\/ANDRZEJOGONEK-770x1024.jpg 770w, https:\/\/n.zegluga.edu.pl\/wp-content\/uploads\/2021\/11\/ANDRZEJOGONEK-226x300.jpg 226w, https:\/\/n.zegluga.edu.pl\/wp-content\/uploads\/2021\/11\/ANDRZEJOGONEK-768x1021.jpg 768w, https:\/\/n.zegluga.edu.pl\/wp-content\/uploads\/2021\/11\/ANDRZEJOGONEK.jpg 852w\" sizes=\"(max-width: 253px) 100vw, 253px\" \/><\/figure><\/div>\n\n\n\n<p>W \u015brod\u0119 24 listopada 2021 roku na wieczn\u0105 wacht\u0119 odszed\u0142 Kapitan \u017c.\u015b. Andrzej Ogonek &#8211; cz\u0142owiek niezwykle wa\u017cny w historii kszta\u0142cenia przysz\u0142ych kadr \u017ceglugi \u015br\u00f3dl\u0105dowej.<\/p>\n\n\n\n<p>Dla wielu uczni\u00f3w Zespo\u0142u Szk\u00f3\u0142 \u017beglugi \u015ar\u00f3dl\u0105dowej w K\u0119dzierzynie-Ko\u017alu, odbywaj\u0105cych praktyki zawodowe na naszym statku szkolnym oraz uczestnicz\u0105cych w teoretycznych zaj\u0119ciach z przedmiot\u00f3w zawodowych, stanowi\u0142 wz\u00f3r marynarza, kapitana, nauczyciela i wychowawcy. Jego wiedza, kwalifikacje zawodowe oraz cechy charakteru stawia\u0142y Go w szeregu prawdziwych autorytet\u00f3w w tym zawodzie.<\/p>\n\n\n\n<p>W latach 1983 \u2013 2005 Kapitan pe\u0142ni\u0142 obowi\u0105zki dow\u00f3dcy naszego statku szkolnego wykonuj\u0105c jednocze\u015bnie zadania nauczyciela \u017ceglugowych przedmiot\u00f3w zawodowych. Dwa lata p\u00f3\u017aniej odszed\u0142 na zas\u0142u\u017con\u0105 emerytur\u0119.<\/p>\n\n\n\n<p>Kapitan Andrzej Ogonek by\u0142 cz\u0142owiekiem wielkiej skromno\u015bci i najwy\u017cszego profesjonalizmu. W roli wychowawcy wielu rocznik\u00f3w, w pracy zawodowej by\u0142 zawsze wierny zasadom dobrej praktyki okr\u0119towej, oficerem i kapitanem o najlepszych i zawsze po\u017c\u0105danych cechach, takich jak rzetelno\u015b\u0107, bezkompromisowo\u015b\u0107, wiedza zawodowa i do\u015bwiadczenie.<\/p>\n","protected":false},"excerpt":{"rendered":"<p>W \u015brod\u0119 24 listopada 2021 roku na wieczn\u0105 wacht\u0119 odszed\u0142 Kapitan \u017c.\u015b. Andrzej Ogonek &#8211; cz\u0142owiek niezwykle wa\u017cny w historii kszta\u0142cenia przysz\u0142ych kadr \u017ceglugi \u015br\u00f3dl\u0105dowej. Dla wielu uczni\u00f3w Zespo\u0142u Szk\u00f3\u0142 \u017beglugi \u015ar\u00f3dl\u0105dowej w K\u0119dzierzynie-Ko\u017alu, odbywaj\u0105cych praktyki zawodowe na naszym statku szkolnym oraz uczestnicz\u0105cych w teoretycznych zaj\u0119ciach z przedmiot\u00f3w zawodowych, stanowi\u0142 wz\u00f3r marynarza, kapitana, nauczyciela i &hellip; <\/p>\n<p class=\"link-more\"><a href=\"https:\/\/n.zegluga.edu.pl\/?p=598\" class=\"more-link\">Czytaj dalej<span class=\"screen-reader-text\"> \u201eZMAR\u0141  ANDRZEJ OGONEK\u201d<\/span><\/a><\/p>\n","protected":false},"author":1,"featured_media":0,"comment_status":"closed","ping_status":"","sticky":false,"template":"","format":"standard","meta":{"footnotes":""},"categories":[4],"tags":[],"class_list":["post-598","post","type-post","status-publish","format-standard","hentry","category-news"],"_links":{"self":[{"href":"https:\/\/n.zegluga.edu.pl\/index.php?rest_route=\/wp\/v2\/posts\/598","targetHints":{"allow":["GET"]}}],"collection":[{"href":"https:\/\/n.zegluga.edu.pl\/index.php?rest_route=\/wp\/v2\/posts"}],"about":[{"href":"https:\/\/n.zegluga.edu.pl\/index.php?rest_route=\/wp\/v2\/types\/post"}],"author":[{"embeddable":true,"href":"https:\/\/n.zegluga.edu.pl\/index.php?rest_route=\/wp\/v2\/users\/1"}],"replies":[{"embeddable":true,"href":"https:\/\/n.zegluga.edu.pl\/index.php?rest_route=%2Fwp%2Fv2%2Fcomments&post=598"}],"version-history":[{"count":2,"href":"https:\/\/n.zegluga.edu.pl\/index.php?rest_route=\/wp\/v2\/posts\/598\/revisions"}],"predecessor-version":[{"id":603,"href":"https:\/\/n.zegluga.edu.pl\/index.php?rest_route=\/wp\/v2\/posts\/598\/revisions\/603"}],"wp:attachment":[{"href":"https:\/\/n.zegluga.edu.pl\/index.php?rest_route=%2Fwp%2Fv2%2Fmedia&parent=598"}],"wp:term":[{"taxonomy":"category","embeddable":true,"href":"https:\/\/n.zegluga.edu.pl\/index.php?rest_route=%2Fwp%2Fv2%2Fcategories&post=598"},{"taxonomy":"post_tag","embeddable":true,"href":"https:\/\/n.zegluga.edu.pl\/index.php?rest_route=%2Fwp%2Fv2%2Ftags&post=598"}],"curies":[{"name":"wp","href":"https:\/\/api.w.org\/{rel}","templated":true}]}}