{"id":629,"date":"2021-12-16T11:27:03","date_gmt":"2021-12-16T10:27:03","guid":{"rendered":"https:\/\/n.zegluga.edu.pl\/?p=629"},"modified":"2021-12-16T11:27:20","modified_gmt":"2021-12-16T10:27:20","slug":"zeglugowi-badmintonisci-w-blasku-srebra","status":"publish","type":"post","link":"https:\/\/n.zegluga.edu.pl\/?p=629","title":{"rendered":"\u017beglugowi badmintoni\u015bci w blasku srebra"},"content":{"rendered":"\n<p>W dniu 14.12.2021 w G\u0142ubczycach rozegrany zosta\u0142 Fina\u0142 Wojew\u00f3dzkiej Licealiady w badmintonie. Doskonale w imprezie spisali si\u0119 nasi reprezentanci , kt\u00f3rzy zdobyli srebrne medale Mistrzostw Wojew\u00f3dztwa. Szko\u0142\u0119 reprezentowali uczniowie klasy II TI: Jakub Knihinicki i Pawe\u0142 Kr\u00f3l. Opiekunem zespo\u0142u by\u0142 Pan Andrzej Zaj\u0105c. Brawa dla naszych bohater\u00f3w !!!<\/p>\n\n\n\n<div class=\"wp-block-image\"><figure class=\"aligncenter size-large is-resized\"><img fetchpriority=\"high\" decoding=\"async\" src=\"https:\/\/n.zegluga.edu.pl\/wp-content\/uploads\/2021\/12\/WhatsApp-Image-2021-12-15-at-14.29.13-768x1024.jpeg\" alt=\"\" class=\"wp-image-630\" width=\"302\" height=\"402\" srcset=\"https:\/\/n.zegluga.edu.pl\/wp-content\/uploads\/2021\/12\/WhatsApp-Image-2021-12-15-at-14.29.13-768x1024.jpeg 768w, https:\/\/n.zegluga.edu.pl\/wp-content\/uploads\/2021\/12\/WhatsApp-Image-2021-12-15-at-14.29.13-225x300.jpeg 225w, https:\/\/n.zegluga.edu.pl\/wp-content\/uploads\/2021\/12\/WhatsApp-Image-2021-12-15-at-14.29.13-1152x1536.jpeg 1152w, https:\/\/n.zegluga.edu.pl\/wp-content\/uploads\/2021\/12\/WhatsApp-Image-2021-12-15-at-14.29.13.jpeg 1512w\" sizes=\"(max-width: 302px) 100vw, 302px\" \/><\/figure><\/div>\n","protected":false},"excerpt":{"rendered":"<p>W dniu 14.12.2021 w G\u0142ubczycach rozegrany zosta\u0142 Fina\u0142 Wojew\u00f3dzkiej Licealiady w badmintonie. Doskonale w imprezie spisali si\u0119 nasi reprezentanci , kt\u00f3rzy zdobyli srebrne medale Mistrzostw Wojew\u00f3dztwa. Szko\u0142\u0119 reprezentowali uczniowie klasy II TI: Jakub Knihinicki i Pawe\u0142 Kr\u00f3l. Opiekunem zespo\u0142u by\u0142 Pan Andrzej Zaj\u0105c. Brawa dla naszych bohater\u00f3w !!!<\/p>\n","protected":false},"author":2,"featured_media":0,"comment_status":"closed","ping_status":"","sticky":false,"template":"","format":"standard","meta":{"footnotes":""},"categories":[4],"tags":[],"class_list":["post-629","post","type-post","status-publish","format-standard","hentry","category-news"],"_links":{"self":[{"href":"https:\/\/n.zegluga.edu.pl\/index.php?rest_route=\/wp\/v2\/posts\/629","targetHints":{"allow":["GET"]}}],"collection":[{"href":"https:\/\/n.zegluga.edu.pl\/index.php?rest_route=\/wp\/v2\/posts"}],"about":[{"href":"https:\/\/n.zegluga.edu.pl\/index.php?rest_route=\/wp\/v2\/types\/post"}],"author":[{"embeddable":true,"href":"https:\/\/n.zegluga.edu.pl\/index.php?rest_route=\/wp\/v2\/users\/2"}],"replies":[{"embeddable":true,"href":"https:\/\/n.zegluga.edu.pl\/index.php?rest_route=%2Fwp%2Fv2%2Fcomments&post=629"}],"version-history":[{"count":1,"href":"https:\/\/n.zegluga.edu.pl\/index.php?rest_route=\/wp\/v2\/posts\/629\/revisions"}],"predecessor-version":[{"id":631,"href":"https:\/\/n.zegluga.edu.pl\/index.php?rest_route=\/wp\/v2\/posts\/629\/revisions\/631"}],"wp:attachment":[{"href":"https:\/\/n.zegluga.edu.pl\/index.php?rest_route=%2Fwp%2Fv2%2Fmedia&parent=629"}],"wp:term":[{"taxonomy":"category","embeddable":true,"href":"https:\/\/n.zegluga.edu.pl\/index.php?rest_route=%2Fwp%2Fv2%2Fcategories&post=629"},{"taxonomy":"post_tag","embeddable":true,"href":"https:\/\/n.zegluga.edu.pl\/index.php?rest_route=%2Fwp%2Fv2%2Ftags&post=629"}],"curies":[{"name":"wp","href":"https:\/\/api.w.org\/{rel}","templated":true}]}}