{"id":652,"date":"2022-01-03T13:33:49","date_gmt":"2022-01-03T12:33:49","guid":{"rendered":"https:\/\/n.zegluga.edu.pl\/?p=652"},"modified":"2022-01-03T14:06:52","modified_gmt":"2022-01-03T13:06:52","slug":"zeglugowy-wyjazd-narciarski-odwolany","status":"publish","type":"post","link":"https:\/\/n.zegluga.edu.pl\/?p=652","title":{"rendered":"\u017beglugowy wyjazd narciarski ODWO\u0141ANY!"},"content":{"rendered":"\n<p>Z przykro\u015bci\u0105 informujemy, \u017ce wyjazd narciarski do Szczyrku jest odwo\u0142any. Niestety niesprzyjaj\u0105ce warunki pogodowe, dodatnie temperatury i opadu deszczu sprawi\u0142y, \u017ce na chwil\u0119 obecn\u0105 o\u015brodek Szczyrkowski jest zamkni\u0119ty, a na trasach narciarskich nie ma \u015bniegu. Prognozy pogody r\u00f3wnie\u017c nie napawaj\u0105 optymizmem, do czwartku temp. w plusie i opady deszczu, a \u015bniegu brak. Wp\u0142acon\u0105 zaliczk\u0119 b\u0119dzie mo\u017cna odebra\u0107, gdy wr\u00f3cimy do nauki stacjonarnej.<\/p>\n\n\n\n<div class=\"wp-block-image\"><figure class=\"aligncenter size-large\"><img fetchpriority=\"high\" decoding=\"async\" width=\"1000\" height=\"667\" src=\"https:\/\/n.zegluga.edu.pl\/wp-content\/uploads\/2022\/01\/NARTY3.jpg\" alt=\"\" class=\"wp-image-653\" srcset=\"https:\/\/n.zegluga.edu.pl\/wp-content\/uploads\/2022\/01\/NARTY3.jpg 1000w, https:\/\/n.zegluga.edu.pl\/wp-content\/uploads\/2022\/01\/NARTY3-300x200.jpg 300w, https:\/\/n.zegluga.edu.pl\/wp-content\/uploads\/2022\/01\/NARTY3-768x512.jpg 768w\" sizes=\"(max-width: 706px) 89vw, (max-width: 767px) 82vw, 740px\" \/><\/figure><\/div>\n","protected":false},"excerpt":{"rendered":"<p>Z przykro\u015bci\u0105 informujemy, \u017ce wyjazd narciarski do Szczyrku jest odwo\u0142any. Niestety niesprzyjaj\u0105ce warunki pogodowe, dodatnie temperatury i opadu deszczu sprawi\u0142y, \u017ce na chwil\u0119 obecn\u0105 o\u015brodek Szczyrkowski jest zamkni\u0119ty, a na trasach narciarskich nie ma \u015bniegu. Prognozy pogody r\u00f3wnie\u017c nie napawaj\u0105 optymizmem, do czwartku temp. w plusie i opady deszczu, a \u015bniegu brak. Wp\u0142acon\u0105 zaliczk\u0119 b\u0119dzie &hellip; <\/p>\n<p class=\"link-more\"><a href=\"https:\/\/n.zegluga.edu.pl\/?p=652\" class=\"more-link\">Czytaj dalej<span class=\"screen-reader-text\"> \u201e\u017beglugowy wyjazd narciarski ODWO\u0141ANY!\u201d<\/span><\/a><\/p>\n","protected":false},"author":1,"featured_media":0,"comment_status":"closed","ping_status":"","sticky":false,"template":"","format":"standard","meta":{"footnotes":""},"categories":[4],"tags":[],"class_list":["post-652","post","type-post","status-publish","format-standard","hentry","category-news"],"_links":{"self":[{"href":"https:\/\/n.zegluga.edu.pl\/index.php?rest_route=\/wp\/v2\/posts\/652","targetHints":{"allow":["GET"]}}],"collection":[{"href":"https:\/\/n.zegluga.edu.pl\/index.php?rest_route=\/wp\/v2\/posts"}],"about":[{"href":"https:\/\/n.zegluga.edu.pl\/index.php?rest_route=\/wp\/v2\/types\/post"}],"author":[{"embeddable":true,"href":"https:\/\/n.zegluga.edu.pl\/index.php?rest_route=\/wp\/v2\/users\/1"}],"replies":[{"embeddable":true,"href":"https:\/\/n.zegluga.edu.pl\/index.php?rest_route=%2Fwp%2Fv2%2Fcomments&post=652"}],"version-history":[{"count":2,"href":"https:\/\/n.zegluga.edu.pl\/index.php?rest_route=\/wp\/v2\/posts\/652\/revisions"}],"predecessor-version":[{"id":655,"href":"https:\/\/n.zegluga.edu.pl\/index.php?rest_route=\/wp\/v2\/posts\/652\/revisions\/655"}],"wp:attachment":[{"href":"https:\/\/n.zegluga.edu.pl\/index.php?rest_route=%2Fwp%2Fv2%2Fmedia&parent=652"}],"wp:term":[{"taxonomy":"category","embeddable":true,"href":"https:\/\/n.zegluga.edu.pl\/index.php?rest_route=%2Fwp%2Fv2%2Fcategories&post=652"},{"taxonomy":"post_tag","embeddable":true,"href":"https:\/\/n.zegluga.edu.pl\/index.php?rest_route=%2Fwp%2Fv2%2Ftags&post=652"}],"curies":[{"name":"wp","href":"https:\/\/api.w.org\/{rel}","templated":true}]}}