{"id":729,"date":"2022-04-22T22:54:13","date_gmt":"2022-04-22T20:54:13","guid":{"rendered":"https:\/\/n.zegluga.edu.pl\/?p=729"},"modified":"2022-04-22T22:54:13","modified_gmt":"2022-04-22T20:54:13","slug":"sprzatamy-dla-polsk","status":"publish","type":"post","link":"https:\/\/n.zegluga.edu.pl\/?p=729","title":{"rendered":"Sprz\u0105tamy dla Polsk"},"content":{"rendered":"\n<p>22 kwietnia uczniowie naszej szko\u0142y wzi\u0119li udzia\u0142 w og\u00f3lnopolskiej akcji \u201eSprz\u0105tamy dla Polski\u201d. Patronat nad akcj\u0105 obj\u0119li Prezes Rady Ministr\u00f3w oraz Minister Edukacji i Nauki. S\u0142owa podzi\u0119kowania nale\u017c\u0105 si\u0119 r\u00f3wnie\u017c Zwi\u0105zkowi Mi\u0119dzygminnemu \u201eCzysty Region\u201d za dostarczenie nam r\u0119kawiczek ochronnych i work\u00f3w na \u015bmieci. Jednak najwi\u0119ksze s\u0142owa uznania nale\u017cy skierowa\u0107 do uczni\u00f3w kl.1ti za zaanga\u017cowanie i trosk\u0119 o \u015brodowisko.<br><br><img fetchpriority=\"high\" decoding=\"async\" width=\"600\" height=\"1067\" class=\"wp-image-734\" style=\"width: 600px;\" src=\"https:\/\/n.zegluga.edu.pl\/wp-content\/uploads\/2022\/04\/278962561_401472931798598_5539105117558192268_n.jpg\" alt=\"\" srcset=\"https:\/\/n.zegluga.edu.pl\/wp-content\/uploads\/2022\/04\/278962561_401472931798598_5539105117558192268_n.jpg 899w, https:\/\/n.zegluga.edu.pl\/wp-content\/uploads\/2022\/04\/278962561_401472931798598_5539105117558192268_n-169x300.jpg 169w, https:\/\/n.zegluga.edu.pl\/wp-content\/uploads\/2022\/04\/278962561_401472931798598_5539105117558192268_n-576x1024.jpg 576w, https:\/\/n.zegluga.edu.pl\/wp-content\/uploads\/2022\/04\/278962561_401472931798598_5539105117558192268_n-768x1366.jpg 768w, https:\/\/n.zegluga.edu.pl\/wp-content\/uploads\/2022\/04\/278962561_401472931798598_5539105117558192268_n-864x1536.jpg 864w\" sizes=\"(max-width: 600px) 100vw, 600px\" \/><\/p>\n","protected":false},"excerpt":{"rendered":"<p>22 kwietnia uczniowie naszej szko\u0142y wzi\u0119li udzia\u0142 w og\u00f3lnopolskiej akcji \u201eSprz\u0105tamy dla Polski\u201d. Patronat nad akcj\u0105 obj\u0119li Prezes Rady Ministr\u00f3w oraz Minister Edukacji i Nauki. S\u0142owa podzi\u0119kowania nale\u017c\u0105 si\u0119 r\u00f3wnie\u017c Zwi\u0105zkowi Mi\u0119dzygminnemu \u201eCzysty Region\u201d za dostarczenie nam r\u0119kawiczek ochronnych i work\u00f3w na \u015bmieci. Jednak najwi\u0119ksze s\u0142owa uznania nale\u017cy skierowa\u0107 do uczni\u00f3w kl.1ti za zaanga\u017cowanie i &hellip; <\/p>\n<p class=\"link-more\"><a href=\"https:\/\/n.zegluga.edu.pl\/?p=729\" class=\"more-link\">Czytaj dalej<span class=\"screen-reader-text\"> \u201eSprz\u0105tamy dla Polsk\u201d<\/span><\/a><\/p>\n","protected":false},"author":3,"featured_media":0,"comment_status":"closed","ping_status":"","sticky":false,"template":"","format":"standard","meta":{"footnotes":""},"categories":[4],"tags":[],"class_list":["post-729","post","type-post","status-publish","format-standard","hentry","category-news"],"_links":{"self":[{"href":"https:\/\/n.zegluga.edu.pl\/index.php?rest_route=\/wp\/v2\/posts\/729","targetHints":{"allow":["GET"]}}],"collection":[{"href":"https:\/\/n.zegluga.edu.pl\/index.php?rest_route=\/wp\/v2\/posts"}],"about":[{"href":"https:\/\/n.zegluga.edu.pl\/index.php?rest_route=\/wp\/v2\/types\/post"}],"author":[{"embeddable":true,"href":"https:\/\/n.zegluga.edu.pl\/index.php?rest_route=\/wp\/v2\/users\/3"}],"replies":[{"embeddable":true,"href":"https:\/\/n.zegluga.edu.pl\/index.php?rest_route=%2Fwp%2Fv2%2Fcomments&post=729"}],"version-history":[{"count":1,"href":"https:\/\/n.zegluga.edu.pl\/index.php?rest_route=\/wp\/v2\/posts\/729\/revisions"}],"predecessor-version":[{"id":736,"href":"https:\/\/n.zegluga.edu.pl\/index.php?rest_route=\/wp\/v2\/posts\/729\/revisions\/736"}],"wp:attachment":[{"href":"https:\/\/n.zegluga.edu.pl\/index.php?rest_route=%2Fwp%2Fv2%2Fmedia&parent=729"}],"wp:term":[{"taxonomy":"category","embeddable":true,"href":"https:\/\/n.zegluga.edu.pl\/index.php?rest_route=%2Fwp%2Fv2%2Fcategories&post=729"},{"taxonomy":"post_tag","embeddable":true,"href":"https:\/\/n.zegluga.edu.pl\/index.php?rest_route=%2Fwp%2Fv2%2Ftags&post=729"}],"curies":[{"name":"wp","href":"https:\/\/api.w.org\/{rel}","templated":true}]}}