{"id":768,"date":"2022-06-15T12:30:14","date_gmt":"2022-06-15T10:30:14","guid":{"rendered":"https:\/\/n.zegluga.edu.pl\/?p=768"},"modified":"2022-06-15T12:30:14","modified_gmt":"2022-06-15T10:30:14","slug":"zegluga-wygrywa-konkurs-plastyczny-co-mnie-otacza","status":"publish","type":"post","link":"https:\/\/n.zegluga.edu.pl\/?p=768","title":{"rendered":"\u017bEGLUGA WYGRYWA KONKURS PLASTYCZNY &#8222;CO MNIE OTACZA&#8221;"},"content":{"rendered":"\n<p>Dnia 14.06.2022 uczniowie ZS\u017b\u015a zaj\u0119li wszystkie miejsca na podium: 1 miejsce Assem Zhassulanova z kl.2\u017c, 2 miejsce Wiktoria Semenowicz z kl.2\u017c oraz 3 miejsce Julian Machon z kl.1gm w kategorii szk\u00f3\u0142 \u015brednich w miejskim konkursie plastycznym zorganizowanym przez MBP w K\u0119dzierzynie-Ko\u017alu. Przedmiotem konkursu by\u0142o wykonanie pracy plastycznej pt. &#8222;Co mnie otacza? Czyli bior\u00f3\u017cnorodno\u015b\u0107 mojej okolicy&#8221;. Serdeczne gratulacje<\/p>\n\n\n\n<figure class=\"wp-block-image\"><img decoding=\"async\" src=\"https:\/\/video.fktw1-1.fna.fbcdn.net\/v\/t39.30808-6\/288203655_5158053024285360_33703665618874118_n.jpg?_nc_cat=103&amp;ccb=1-7&amp;_nc_sid=730e14&amp;_nc_ohc=nZ0U1L9VZu8AX89P8M9&amp;_nc_ht=video.fktw1-1.fna&amp;oh=00_AT-rerA4gFZoLTv-dEfOBg_0IdNXX8XJoh606J5kgZ6JhA&amp;oe=62AF8632\" alt=\"Brak dost\u0119pnego opisu zdj\u0119cia.\"\/><figcaption><img decoding=\"async\" src=\"https:\/\/video.fktw4-1.fna.fbcdn.net\/v\/t39.30808-6\/288388959_5158053010952028_2796473048506672051_n.jpg?_nc_cat=100&amp;ccb=1-7&amp;_nc_sid=730e14&amp;_nc_ohc=l6TTZMowac0AX-_Jcgx&amp;_nc_ht=video.fktw4-1.fna&amp;oh=00_AT_sPX-V_2fXAdjq7UYoZZOPZPvqVcULxiBCcyffcaSHxg&amp;oe=62AF6815\" alt=\"Mo\u017ce by\u0107 zdj\u0119ciem przedstawiaj\u0105cym 1 osoba i stoi\"><\/figcaption><\/figure>\n\n\n\n<figure class=\"wp-block-image\"><img decoding=\"async\" src=\"https:\/\/video.fktw1-1.fna.fbcdn.net\/v\/t39.30808-6\/288462555_5158053014285361_7396995702851950298_n.jpg?_nc_cat=104&amp;ccb=1-7&amp;_nc_sid=730e14&amp;_nc_ohc=blZfjyvjshIAX8L7KIj&amp;_nc_ht=video.fktw1-1.fna&amp;oh=00_AT8gM7BIzMqmLjUrZX6-nyz0LiWYzUb8RUXOpkX6Te23ig&amp;oe=62AE39DE\" alt=\"Mo\u017ce by\u0107 zdj\u0119ciem przedstawiaj\u0105cym na \u015bwie\u017cym powietrzu\"\/><figcaption><img decoding=\"async\" src=\"https:\/\/video.fktw4-1.fna.fbcdn.net\/v\/t39.30808-6\/288034310_5158053150952014_2177174413580525439_n.jpg?_nc_cat=109&amp;ccb=1-7&amp;_nc_sid=730e14&amp;_nc_ohc=t0WRp-jnr3IAX8G7tb-&amp;tn=6sTWdm22epKezI-n&amp;_nc_ht=video.fktw4-1.fna&amp;oh=00_AT96aKSqgRhDo7_b5a0NxZ069pwXJhBYxFwqYLOiPWP_Rw&amp;oe=62ADFA88\" alt=\"Brak dost\u0119pnego opisu zdj\u0119cia.\"><\/figcaption><\/figure>\n","protected":false},"excerpt":{"rendered":"<p>Dnia 14.06.2022 uczniowie ZS\u017b\u015a zaj\u0119li wszystkie miejsca na podium: 1 miejsce Assem Zhassulanova z kl.2\u017c, 2 miejsce Wiktoria Semenowicz z kl.2\u017c oraz 3 miejsce Julian Machon z kl.1gm w kategorii szk\u00f3\u0142 \u015brednich w miejskim konkursie plastycznym zorganizowanym przez MBP w K\u0119dzierzynie-Ko\u017alu. Przedmiotem konkursu by\u0142o wykonanie pracy plastycznej pt. &#8222;Co mnie otacza? Czyli bior\u00f3\u017cnorodno\u015b\u0107 mojej okolicy&#8221;. &hellip; <\/p>\n<p class=\"link-more\"><a href=\"https:\/\/n.zegluga.edu.pl\/?p=768\" class=\"more-link\">Czytaj dalej<span class=\"screen-reader-text\"> \u201e\u017bEGLUGA WYGRYWA KONKURS PLASTYCZNY &#8222;CO MNIE OTACZA&#8221;\u201d<\/span><\/a><\/p>\n","protected":false},"author":2,"featured_media":0,"comment_status":"closed","ping_status":"","sticky":false,"template":"","format":"standard","meta":{"footnotes":""},"categories":[4],"tags":[],"class_list":["post-768","post","type-post","status-publish","format-standard","hentry","category-news"],"_links":{"self":[{"href":"https:\/\/n.zegluga.edu.pl\/index.php?rest_route=\/wp\/v2\/posts\/768","targetHints":{"allow":["GET"]}}],"collection":[{"href":"https:\/\/n.zegluga.edu.pl\/index.php?rest_route=\/wp\/v2\/posts"}],"about":[{"href":"https:\/\/n.zegluga.edu.pl\/index.php?rest_route=\/wp\/v2\/types\/post"}],"author":[{"embeddable":true,"href":"https:\/\/n.zegluga.edu.pl\/index.php?rest_route=\/wp\/v2\/users\/2"}],"replies":[{"embeddable":true,"href":"https:\/\/n.zegluga.edu.pl\/index.php?rest_route=%2Fwp%2Fv2%2Fcomments&post=768"}],"version-history":[{"count":1,"href":"https:\/\/n.zegluga.edu.pl\/index.php?rest_route=\/wp\/v2\/posts\/768\/revisions"}],"predecessor-version":[{"id":769,"href":"https:\/\/n.zegluga.edu.pl\/index.php?rest_route=\/wp\/v2\/posts\/768\/revisions\/769"}],"wp:attachment":[{"href":"https:\/\/n.zegluga.edu.pl\/index.php?rest_route=%2Fwp%2Fv2%2Fmedia&parent=768"}],"wp:term":[{"taxonomy":"category","embeddable":true,"href":"https:\/\/n.zegluga.edu.pl\/index.php?rest_route=%2Fwp%2Fv2%2Fcategories&post=768"},{"taxonomy":"post_tag","embeddable":true,"href":"https:\/\/n.zegluga.edu.pl\/index.php?rest_route=%2Fwp%2Fv2%2Ftags&post=768"}],"curies":[{"name":"wp","href":"https:\/\/api.w.org\/{rel}","templated":true}]}}