{"id":778,"date":"2022-07-08T13:45:20","date_gmt":"2022-07-08T11:45:20","guid":{"rendered":"https:\/\/n.zegluga.edu.pl\/?p=778"},"modified":"2022-07-08T14:01:38","modified_gmt":"2022-07-08T12:01:38","slug":"778","status":"publish","type":"post","link":"https:\/\/n.zegluga.edu.pl\/?p=778","title":{"rendered":""},"content":{"rendered":"\n<figure class=\"wp-block-image size-full\"><img fetchpriority=\"high\" decoding=\"async\" width=\"720\" height=\"960\" src=\"https:\/\/n.zegluga.edu.pl\/wp-content\/uploads\/2022\/07\/291902942_1644737525906172_7171715573615118530_n.jpg\" alt=\"\" class=\"wp-image-779\" srcset=\"https:\/\/n.zegluga.edu.pl\/wp-content\/uploads\/2022\/07\/291902942_1644737525906172_7171715573615118530_n.jpg 720w, https:\/\/n.zegluga.edu.pl\/wp-content\/uploads\/2022\/07\/291902942_1644737525906172_7171715573615118530_n-225x300.jpg 225w\" sizes=\"(max-width: 720px) 100vw, 720px\" \/><\/figure>\n\n\n\n<p>Z \u017calem zawiadamiamy, \u017ce wczoraj odszed\u0142 nasz kolega, emerytowany wieloletni pracownik i r\u00f3wnocze\u015bnie absolwent ZS\u017b\u015a, S\u0142awomir Szybkowski.<br><br>Uko\u0144czy\u0142 nasz\u0105 szkol\u0119 w 1971 roku i od razu podj\u0105\u0142 prac\u0119 jako wychowawca internatu szkolnego. Opiekowa\u0142 si\u0119 uczniami do roku 1988. Nie opu\u015bci\u0142 jednak grona, bowiem od 1975 roku zatrudniony by\u0142 jednocze\u015bnie jako pracownik administracyjny. W latach 1991 &#8211; 2001 wspiera\u0142 dyrektora jako jego zast\u0119pca w sprawach ekonomiczno-administracyjnych, dzier\u017cy\u0142 piecz\u0119 nad remontami oraz modernizacj\u0105 budynku szko\u0142y i internat\u00f3w. Od roku 2002 powr\u00f3ci\u0142 na stanowisko kierownika gospodarczego i pe\u0142ni\u0142 t\u0119 funkcj\u0119 do roku 2017, kiedy to zdecydowa\u0142 si\u0119 przej\u015b\u0107 na emerytur\u0119.<br><br>By\u0142 dobrym pracownikiem, wielokrotnie nagradzanym i wyr\u00f3\u017cnianym za swoj\u0105 prac\u0119, specjalist\u0105 do spraw zam\u00f3wie\u0144 publicznych, z czego korzystali pracownicy innych jednostek o\u015bwiatowych. Dla nas jednak by\u0142 przede wszystkim koleg\u0105, kt\u00f3rego obecno\u015b\u0107 \u201eod zawsze\u201d by\u0142a czym\u015b sta\u0142ym w tym miejscu. Jako nieoceniona skarbnica wiedzy na temat szko\u0142y, beztytu\u0142owy archiwista historii i fotografii, s\u0142u\u017cy\u0142 pomoc\u0105 m\u0142odszym kolegom. Takim Go b\u0119dziemy pami\u0119ta\u0107.<br><br>Uroczysto\u015bci pogrzebowe odb\u0119d\u0105 si\u0119 12 lipca 2022 roku o godzinie 11:00 w Ko\u015bciele pod wezwaniem Wniebowzi\u0119cia NMP w Ko\u017alu, 12:00 na cmentarzu w K\u0142odnicy.<\/p>\n","protected":false},"excerpt":{"rendered":"<p>Z \u017calem zawiadamiamy, \u017ce wczoraj odszed\u0142 nasz kolega, emerytowany wieloletni pracownik i r\u00f3wnocze\u015bnie absolwent ZS\u017b\u015a, S\u0142awomir Szybkowski. Uko\u0144czy\u0142 nasz\u0105 szkol\u0119 w 1971 roku i od razu podj\u0105\u0142 prac\u0119 jako wychowawca internatu szkolnego. Opiekowa\u0142 si\u0119 uczniami do roku 1988. Nie opu\u015bci\u0142 jednak grona, bowiem od 1975 roku zatrudniony by\u0142 jednocze\u015bnie jako pracownik administracyjny. W latach 1991 &hellip; <\/p>\n<p class=\"link-more\"><a href=\"https:\/\/n.zegluga.edu.pl\/?p=778\" class=\"more-link\">Czytaj dalej<span class=\"screen-reader-text\"> \u201e\u201d<\/span><\/a><\/p>\n","protected":false},"author":3,"featured_media":0,"comment_status":"closed","ping_status":"","sticky":false,"template":"","format":"standard","meta":{"footnotes":""},"categories":[4],"tags":[],"class_list":["post-778","post","type-post","status-publish","format-standard","hentry","category-news"],"_links":{"self":[{"href":"https:\/\/n.zegluga.edu.pl\/index.php?rest_route=\/wp\/v2\/posts\/778","targetHints":{"allow":["GET"]}}],"collection":[{"href":"https:\/\/n.zegluga.edu.pl\/index.php?rest_route=\/wp\/v2\/posts"}],"about":[{"href":"https:\/\/n.zegluga.edu.pl\/index.php?rest_route=\/wp\/v2\/types\/post"}],"author":[{"embeddable":true,"href":"https:\/\/n.zegluga.edu.pl\/index.php?rest_route=\/wp\/v2\/users\/3"}],"replies":[{"embeddable":true,"href":"https:\/\/n.zegluga.edu.pl\/index.php?rest_route=%2Fwp%2Fv2%2Fcomments&post=778"}],"version-history":[{"count":2,"href":"https:\/\/n.zegluga.edu.pl\/index.php?rest_route=\/wp\/v2\/posts\/778\/revisions"}],"predecessor-version":[{"id":782,"href":"https:\/\/n.zegluga.edu.pl\/index.php?rest_route=\/wp\/v2\/posts\/778\/revisions\/782"}],"wp:attachment":[{"href":"https:\/\/n.zegluga.edu.pl\/index.php?rest_route=%2Fwp%2Fv2%2Fmedia&parent=778"}],"wp:term":[{"taxonomy":"category","embeddable":true,"href":"https:\/\/n.zegluga.edu.pl\/index.php?rest_route=%2Fwp%2Fv2%2Fcategories&post=778"},{"taxonomy":"post_tag","embeddable":true,"href":"https:\/\/n.zegluga.edu.pl\/index.php?rest_route=%2Fwp%2Fv2%2Ftags&post=778"}],"curies":[{"name":"wp","href":"https:\/\/api.w.org\/{rel}","templated":true}]}}